{"id":157,"date":"2012-10-04T21:35:44","date_gmt":"2012-10-04T19:35:44","guid":{"rendered":"http:\/\/www.petra-jung.de\/wordpress\/?p=157"},"modified":"2012-10-04T21:41:36","modified_gmt":"2012-10-04T19:41:36","slug":"4-oktober-km-546","status":"publish","type":"post","link":"https:\/\/www.petra-jung.de\/wordpress\/?p=157","title":{"rendered":"4. Oktober \/ km 546"},"content":{"rendered":"<p>4. Oktober \/ km 546 \/ Macon (F)<\/p>\n<div id=\"attachment_161\" style=\"width: 594px\" class=\"wp-caption aligncenter\"><a href=\"http:\/\/www.petra-jung.de\/wordpress\/wp-content\/uploads\/2012\/10\/macon.jpg\"><img loading=\"lazy\" decoding=\"async\" aria-describedby=\"caption-attachment-161\" class=\"size-large wp-image-161\" title=\"Macon\" src=\"http:\/\/www.petra-jung.de\/wordpress\/wp-content\/uploads\/2012\/10\/macon-1024x767.jpg\" alt=\"\" width=\"584\" height=\"437\" srcset=\"https:\/\/www.petra-jung.de\/wordpress\/wp-content\/uploads\/2012\/10\/macon-1024x767.jpg 1024w, https:\/\/www.petra-jung.de\/wordpress\/wp-content\/uploads\/2012\/10\/macon-300x224.jpg 300w, https:\/\/www.petra-jung.de\/wordpress\/wp-content\/uploads\/2012\/10\/macon-400x300.jpg 400w, https:\/\/www.petra-jung.de\/wordpress\/wp-content\/uploads\/2012\/10\/macon.jpg 1134w\" sizes=\"auto, (max-width: 584px) 100vw, 584px\" \/><\/a><p id=\"caption-attachment-161\" class=\"wp-caption-text\">Ankunft \u00fcber die Saonebr\u00fccke in Macon<\/p><\/div>\n<div id=\"attachment_159\" style=\"width: 594px\" class=\"wp-caption aligncenter\"><a href=\"http:\/\/www.petra-jung.de\/wordpress\/wp-content\/uploads\/2012\/10\/kuehe.jpg\"><img loading=\"lazy\" decoding=\"async\" aria-describedby=\"caption-attachment-159\" class=\"size-large wp-image-159\" title=\"kuehe\" src=\"http:\/\/www.petra-jung.de\/wordpress\/wp-content\/uploads\/2012\/10\/kuehe-1024x660.jpg\" alt=\"\" width=\"584\" height=\"376\" srcset=\"https:\/\/www.petra-jung.de\/wordpress\/wp-content\/uploads\/2012\/10\/kuehe-1024x660.jpg 1024w, https:\/\/www.petra-jung.de\/wordpress\/wp-content\/uploads\/2012\/10\/kuehe-300x193.jpg 300w, https:\/\/www.petra-jung.de\/wordpress\/wp-content\/uploads\/2012\/10\/kuehe-464x300.jpg 464w, https:\/\/www.petra-jung.de\/wordpress\/wp-content\/uploads\/2012\/10\/kuehe.jpg 1134w\" sizes=\"auto, (max-width: 584px) 100vw, 584px\" \/><\/a><p id=\"caption-attachment-159\" class=\"wp-caption-text\">Schwarzpok\u00fche<\/p><\/div>\n<p>Fr\u00fchst\u00fcck im Caf\u00e9 national, einer charmanten Hafenkneipe. Ein Stockwerk dar\u00fcber haben wir \u00fcbernachtet. Aus dem Lautsprecher erklingt Musik aus den 70ern, &#8211; Hammondorgel &#8211; passend zu den beiden Inhabern, die selbst bald gerne in Rente gehen w\u00fcrden\u00a0 \u2013 \u201ea vendre\u201c ist au\u00dfen schon angeschrieben. Nur die Sch\u00e4ferh\u00fcndin Gina ist j\u00fcngeren Datums.<\/p>\n<p>Los geht s \u00fcber die Saone Br\u00fccke, Richtung Chalon sur Saone. Der Wind ist heute noch um einiges st\u00e4rker wie gestern. Man f\u00fchlt sich wie bei der \u201eSpringprozession\u201c von Echternach: zwei Schritte vor und einer zur\u00fcck, Heiliger Willibrod erh\u00f6re uns, zwei Schritte vor und einer zur\u00fcck \u2026Mit f\u00fcnfzehn km\/h radeln wir \u00fcber die Ebene, mehr geht nicht.<\/p>\n<p>Mittagspause in Chalon, hier m\u00fcssen wir alles festhalten sonst weht s uns den K\u00e4se vom Baguette herunter.<\/p>\n<p>Am Nachmittag scheint uns Willibrod erh\u00f6rt zu haben, der Wind dreht auf die Seite und schw\u00e4cht ab, \u201eHeiliger Willibrod wir danken Dir!\u201c \u2026 \u00a0\u00dcber kleine Nebenstra\u00dfen, durch alte D\u00f6rfchen mit wohlklingenden Namen, vorbei an Kuhherden mit schwarzen Hinterteilen, durch Tournus mit seiner alten Abtei, radeln wir nach Macon, suchen uns ein Pl\u00e4tzchen f\u00fcr die Nacht, kochen auf dem Zimmer und lesen hinterher, dass das streng verboten ist.<\/p>\n","protected":false},"excerpt":{"rendered":"<p>4. Oktober \/ km 546 \/ Macon (F) Fr\u00fchst\u00fcck im Caf\u00e9 national, einer charmanten Hafenkneipe. Ein Stockwerk dar\u00fcber haben wir \u00fcbernachtet. Aus dem Lautsprecher erklingt Musik aus den 70ern, &#8211; Hammondorgel &#8211; passend zu den beiden Inhabern, die selbst bald &hellip; <a href=\"https:\/\/www.petra-jung.de\/wordpress\/?p=157\">Weiterlesen <span class=\"meta-nav\">&rarr;<\/span><\/a><\/p>\n","protected":false},"author":1,"featured_media":0,"comment_status":"open","ping_status":"open","sticky":false,"template":"","format":"standard","meta":{"footnotes":""},"categories":[1],"tags":[],"class_list":["post-157","post","type-post","status-publish","format-standard","hentry","category-allgemein"],"_links":{"self":[{"href":"https:\/\/www.petra-jung.de\/wordpress\/index.php?rest_route=\/wp\/v2\/posts\/157","targetHints":{"allow":["GET"]}}],"collection":[{"href":"https:\/\/www.petra-jung.de\/wordpress\/index.php?rest_route=\/wp\/v2\/posts"}],"about":[{"href":"https:\/\/www.petra-jung.de\/wordpress\/index.php?rest_route=\/wp\/v2\/types\/post"}],"author":[{"embeddable":true,"href":"https:\/\/www.petra-jung.de\/wordpress\/index.php?rest_route=\/wp\/v2\/users\/1"}],"replies":[{"embeddable":true,"href":"https:\/\/www.petra-jung.de\/wordpress\/index.php?rest_route=%2Fwp%2Fv2%2Fcomments&post=157"}],"version-history":[{"count":4,"href":"https:\/\/www.petra-jung.de\/wordpress\/index.php?rest_route=\/wp\/v2\/posts\/157\/revisions"}],"predecessor-version":[{"id":164,"href":"https:\/\/www.petra-jung.de\/wordpress\/index.php?rest_route=\/wp\/v2\/posts\/157\/revisions\/164"}],"wp:attachment":[{"href":"https:\/\/www.petra-jung.de\/wordpress\/index.php?rest_route=%2Fwp%2Fv2%2Fmedia&parent=157"}],"wp:term":[{"taxonomy":"category","embeddable":true,"href":"https:\/\/www.petra-jung.de\/wordpress\/index.php?rest_route=%2Fwp%2Fv2%2Fcategories&post=157"},{"taxonomy":"post_tag","embeddable":true,"href":"https:\/\/www.petra-jung.de\/wordpress\/index.php?rest_route=%2Fwp%2Fv2%2Ftags&post=157"}],"curies":[{"name":"wp","href":"https:\/\/api.w.org\/{rel}","templated":true}]}}