{"id":319,"date":"2012-10-29T22:50:54","date_gmt":"2012-10-29T20:50:54","guid":{"rendered":"http:\/\/www.petra-jung.de\/wordpress\/?p=319"},"modified":"2012-10-29T23:40:51","modified_gmt":"2012-10-29T21:40:51","slug":"29-oktober-km-3426","status":"publish","type":"post","link":"https:\/\/www.petra-jung.de\/wordpress\/?p=319","title":{"rendered":"29. Oktober \/ km 3426"},"content":{"rendered":"<p>29. Oktober \/ km 3426 \/ Chiclana de la Frontera (E)<\/p>\n<p>In Lissabon war es der eher schwerm\u00fctige Fado, der an jeder Ecke zu h\u00f6ren war. Sevilla ist die Stadt des Flamenco. Irgendwo spielt immer ein Zweigespann: einer auf der Gitarre, der andere klatscht im zackigen Rhythmus. So verdient sich das Team einen kleinen Unterhalt, in den Kneipen der Altstadt. Im Hintergrund erhebt sich die Kathedrale, vom Vollmond beschienen.<\/p>\n<p><a href=\"http:\/\/www.petra-jung.de\/wordpress\/wp-content\/uploads\/2012\/10\/Sevilla-kathedrale.jpg\"><img loading=\"lazy\" decoding=\"async\" class=\"size-large wp-image-325\" title=\"Sevilla kathedrale\" src=\"http:\/\/www.petra-jung.de\/wordpress\/wp-content\/uploads\/2012\/10\/Sevilla-kathedrale-1024x767.jpg\" alt=\"\" width=\"584\" height=\"437\" srcset=\"https:\/\/www.petra-jung.de\/wordpress\/wp-content\/uploads\/2012\/10\/Sevilla-kathedrale-1024x767.jpg 1024w, https:\/\/www.petra-jung.de\/wordpress\/wp-content\/uploads\/2012\/10\/Sevilla-kathedrale-300x224.jpg 300w, https:\/\/www.petra-jung.de\/wordpress\/wp-content\/uploads\/2012\/10\/Sevilla-kathedrale-400x300.jpg 400w, https:\/\/www.petra-jung.de\/wordpress\/wp-content\/uploads\/2012\/10\/Sevilla-kathedrale.jpg 1134w\" sizes=\"auto, (max-width: 584px) 100vw, 584px\" \/><\/a><\/p>\n<dl id=\"attachment_325\" class=\"wp-caption aligncenter\" style=\"width: 594px;\">\n<dd class=\"wp-caption-dd\">Sevilla &#8230; das war gestern Abend, Kathedrale im Vollmondlicht<\/dd>\n<\/dl>\n<p>Heute Morgen sind die Gitarren verstummt. Ein !Radweg! geleitet uns stressfrei aus der Stadt heraus. Industriegebiete folgen, dann ist wieder Agrarwirtschaft angesagt. \u201eSag mal hat es hier geschneit?\u201c \u2013 Nein hier wird Baumwolle angepflanzt. Die fluschigen W\u00f6lkchen \u00a0und F\u00e4dchen liegen \u00fcberall am Stra\u00dfenrand, h\u00e4ngen in den Str\u00e4uchern und Gr\u00e4sern. Die kleinen Feldwirtschaftswege teilen wir uns mit riesigen John Deere Traktoren und \u00e4hnlichem schwerem Ger\u00e4t. Es ist Erntezeit. Und wir d\u00fcrfen Zeuge werden, wie man die Baumwolle mit \u00fcberdimensionierten \u201eRechen\u201c erntet und abtransportiert.<\/p>\n<div id=\"attachment_322\" style=\"width: 594px\" class=\"wp-caption aligncenter\"><a href=\"http:\/\/www.petra-jung.de\/wordpress\/wp-content\/uploads\/2012\/10\/Baumwolle2.jpg\"><img loading=\"lazy\" decoding=\"async\" aria-describedby=\"caption-attachment-322\" class=\"size-large wp-image-322\" title=\"Baumwolle2\" src=\"http:\/\/www.petra-jung.de\/wordpress\/wp-content\/uploads\/2012\/10\/Baumwolle2-1024x767.jpg\" alt=\"\" width=\"584\" height=\"437\" srcset=\"https:\/\/www.petra-jung.de\/wordpress\/wp-content\/uploads\/2012\/10\/Baumwolle2-1024x767.jpg 1024w, https:\/\/www.petra-jung.de\/wordpress\/wp-content\/uploads\/2012\/10\/Baumwolle2-300x224.jpg 300w, https:\/\/www.petra-jung.de\/wordpress\/wp-content\/uploads\/2012\/10\/Baumwolle2-400x300.jpg 400w, https:\/\/www.petra-jung.de\/wordpress\/wp-content\/uploads\/2012\/10\/Baumwolle2.jpg 1134w\" sizes=\"auto, (max-width: 584px) 100vw, 584px\" \/><\/a><p id=\"caption-attachment-322\" class=\"wp-caption-text\">Baumwollrechen, der die W\u00f6lkchen f\u00e4ngt<\/p><\/div>\n<div id=\"attachment_323\" style=\"width: 594px\" class=\"wp-caption aligncenter\"><a href=\"http:\/\/www.petra-jung.de\/wordpress\/wp-content\/uploads\/2012\/10\/Baumwolle1.jpg\"><img loading=\"lazy\" decoding=\"async\" aria-describedby=\"caption-attachment-323\" class=\"size-large wp-image-323\" title=\"Baumwolle1\" src=\"http:\/\/www.petra-jung.de\/wordpress\/wp-content\/uploads\/2012\/10\/Baumwolle1-1024x767.jpg\" alt=\"\" width=\"584\" height=\"437\" srcset=\"https:\/\/www.petra-jung.de\/wordpress\/wp-content\/uploads\/2012\/10\/Baumwolle1-1024x767.jpg 1024w, https:\/\/www.petra-jung.de\/wordpress\/wp-content\/uploads\/2012\/10\/Baumwolle1-300x224.jpg 300w, https:\/\/www.petra-jung.de\/wordpress\/wp-content\/uploads\/2012\/10\/Baumwolle1-400x300.jpg 400w, https:\/\/www.petra-jung.de\/wordpress\/wp-content\/uploads\/2012\/10\/Baumwolle1.jpg 1134w\" sizes=\"auto, (max-width: 584px) 100vw, 584px\" \/><\/a><p id=\"caption-attachment-323\" class=\"wp-caption-text\">Abtransport der W\u00f6lkchen<\/p><\/div>\n<p>Das fluschige Gew\u00f6lk begleitet uns noch sehr lange. Sp\u00e4ter f\u00fchrt der Weg vorbei an Jerez de la Frontera \u2013 hier haben wir unseren allerersten Kurzurlaub verbracht \u2026 vor acht Jahren h\u00e4tten wir nicht vermutet, dass wir einmal mit dem Fahrrad wieder kommen w\u00fcrden \u2026<\/p>\n<p>Wir hoffen morgen trocken nach Tarifa zu gelangen und noch nach Tanger \u00fcbersetzen zu k\u00f6nnen. Seit Anbeginn der Reise habe ich das Gef\u00fchl, dass der K\u00f6rper recht schnell auf \u201eProgramm Palermo\u201c geschaltet hat. Immer wieder vergleichen wir die beiden Touren. Damals in Palermo habe ich mir gew\u00fcnscht, dass es nicht zu Ende geht, dass wir in Afrika weiterfahren d\u00fcrfen. Dieses Mal scheint das zu klappen. Keine Ahnung was uns dort erwartet. Wir sind sehr gespannt und ich hoffe, dass die Prophezeiung des heutigen Brotverk\u00e4ufers nicht in Erf\u00fcllung geht, der mir sagt: \u201eAch, fahren Sie doch nicht dorthin, da wird man nur ausgeraubt.\u201c<\/p>\n","protected":false},"excerpt":{"rendered":"<p>29. Oktober \/ km 3426 \/ Chiclana de la Frontera (E) In Lissabon war es der eher schwerm\u00fctige Fado, der an jeder Ecke zu h\u00f6ren war. Sevilla ist die Stadt des Flamenco. Irgendwo spielt immer ein Zweigespann: einer auf der &hellip; <a href=\"https:\/\/www.petra-jung.de\/wordpress\/?p=319\">Weiterlesen <span class=\"meta-nav\">&rarr;<\/span><\/a><\/p>\n","protected":false},"author":1,"featured_media":0,"comment_status":"open","ping_status":"closed","sticky":false,"template":"","format":"standard","meta":{"footnotes":""},"categories":[1],"tags":[],"class_list":["post-319","post","type-post","status-publish","format-standard","hentry","category-allgemein"],"_links":{"self":[{"href":"https:\/\/www.petra-jung.de\/wordpress\/index.php?rest_route=\/wp\/v2\/posts\/319","targetHints":{"allow":["GET"]}}],"collection":[{"href":"https:\/\/www.petra-jung.de\/wordpress\/index.php?rest_route=\/wp\/v2\/posts"}],"about":[{"href":"https:\/\/www.petra-jung.de\/wordpress\/index.php?rest_route=\/wp\/v2\/types\/post"}],"author":[{"embeddable":true,"href":"https:\/\/www.petra-jung.de\/wordpress\/index.php?rest_route=\/wp\/v2\/users\/1"}],"replies":[{"embeddable":true,"href":"https:\/\/www.petra-jung.de\/wordpress\/index.php?rest_route=%2Fwp%2Fv2%2Fcomments&post=319"}],"version-history":[{"count":4,"href":"https:\/\/www.petra-jung.de\/wordpress\/index.php?rest_route=\/wp\/v2\/posts\/319\/revisions"}],"predecessor-version":[{"id":321,"href":"https:\/\/www.petra-jung.de\/wordpress\/index.php?rest_route=\/wp\/v2\/posts\/319\/revisions\/321"}],"wp:attachment":[{"href":"https:\/\/www.petra-jung.de\/wordpress\/index.php?rest_route=%2Fwp%2Fv2%2Fmedia&parent=319"}],"wp:term":[{"taxonomy":"category","embeddable":true,"href":"https:\/\/www.petra-jung.de\/wordpress\/index.php?rest_route=%2Fwp%2Fv2%2Fcategories&post=319"},{"taxonomy":"post_tag","embeddable":true,"href":"https:\/\/www.petra-jung.de\/wordpress\/index.php?rest_route=%2Fwp%2Fv2%2Ftags&post=319"}],"curies":[{"name":"wp","href":"https:\/\/api.w.org\/{rel}","templated":true}]}}